{"id":5670,"date":"2024-04-19T10:50:12","date_gmt":"2024-04-19T08:50:12","guid":{"rendered":"https:\/\/www.gmbu.de\/?p=5670"},"modified":"2024-08-22T13:11:37","modified_gmt":"2024-08-22T11:11:37","slug":"molteq-2024","status":"publish","type":"post","link":"https:\/\/www.gmbu.de\/en\/leistungsspektrum\/tagungen\/molteq-2024\/","title":{"rendered":"molTeq"},"content":{"rendered":"\n<h3 class=\"wp-block-heading has-gmbu-primary-color has-text-color has-link-color wp-elements-6dad6519cf3bfd4b4983cd58ac67d0fd\">Von der Sequenz zum Schutz: <\/h3>\n\n\n\n<h3 class=\"wp-block-heading has-gmbu-primary-color has-text-color has-link-color wp-elements-89bce9bfc7025ee49f414457a282a97d\">Molekulare Innovationen in der Pathogendiagnostik und -behandlung<\/h3>\n\n\n\n<h3 class=\"wp-block-heading has-gmbu-primary-color has-text-color has-link-color wp-elements-7b26d8478f2d93baf104ec9bf3deb07c\">2. molTeq Anwendertreffen <\/h3>\n\n\n\n<div class=\"wp-block-columns is-layout-flex wp-container-core-columns-is-layout-9d6595d7 wp-block-columns-is-layout-flex\">\n<div class=\"wp-block-column is-layout-flow wp-block-column-is-layout-flow\" style=\"flex-basis:68%\">\n<p>Sehr geehrte Interessierte,<\/p>\n\n\n\n<p>nach dem erfolgreichen Start unserer Tagungsreihe molTeq f\u00fchren wir auch in diesem Jahr ein weiteres Anwendertreffen durch.<br>Das 2. molTeq Anwendertreffen tr\u00e4gt den Titel \u201eVon der Sequenz zum Schutz: Molekulare Innovationen in der Pathogendiagnostik und -behandlung\u201c.<br>Lassen Sie sich am <strong>12.09.2024<\/strong> in Halle (Saale) von zwei interessanten Themenbl\u00f6cken, die jeweils von einer Diskussionsrunde begleitet werden, in die Welt der molekularen Techniken mitnehmen.<\/p>\n\n\n\n<p>Im ersten Themenblock \u201eMolekulare Methoden f\u00fcr den Pathogennachweis\u201c h\u00f6ren Sie drei spannende Vortr\u00e4ge zu Tier- und Amphibienpathogenen sowie zu Humanpathogenen in der Umwelt. In der anschlie\u00dfenden Podiumsdiskussion wird der Frage nachgegangen, ob es erst Seuchen, Plagen und Pandemien braucht, um die Nachweisentwicklung voranzutreiben.<\/p>\n\n\n\n<p>Nach einer St\u00e4rkung zum Mittag schlie\u00dft sich der Themenblock \u201ePr\u00e4vention, Behandlung und Abwehr von Pathogenen durch molTeq\u201c an. Abgeschlossen wird der Tag mit der Podiumsdiskussion zur Zukunft der Pathogenabwehr und den Chancen und Risiken molekularer Behandlungen.<\/p>\n\n\n\n<p>Freuen Sie sich auf ein vielschichtiges Publikum aus Wirtschaft und Forschung, die im gemeinsamen Austausch und Dialog neue Synergien schaffen.<br>So haben bereits Vertreter von Fraunhofer IZI, Frankenf\u00f6rder Forschungsgesellschaft mbH und VERROVACiNES GmbH ihre aktive Teilnahme best\u00e4tigt.<br>Werden Sie Teil dieser Verzahnung und beteiligen Sie sich an der Entwicklung zukunftsf\u00e4higer Ideen \u2013 <a href=\"https:\/\/ident-me.com\/aktuelles\/2-molteq-anwendertreffen\/\">jetzt anmelden<\/a>.<\/p>\n\n\n\n<p>Sie m\u00f6chten gern Ihr Projekt oder Ihr Unternehmen zum Thema molekulare Innovationen in der Pathogendiagnostik vorstellen? Dann schicken Sie uns gern eine kurze Anfrage per E-Mail.<br>Wir freuen uns \u00fcber Ihre Initiative!<\/p>\n\n\n\n<p>Herzliche Gr\u00fc\u00dfe,<br>Ihr molTeq-Team von der GMBU und IdentMe<\/p>\n<\/div>\n\n\n\n<div class=\"wp-block-column is-layout-flow wp-block-column-is-layout-flow\" style=\"flex-basis:30%\">\n<p>&nbsp;<\/p>\n\n\n\n<ul class=\"wp-block-list has-black-color has-gmbu-tertiary-background-color has-text-color has-background\">\n<li><a href=\"http:\/\/www.gmbu.de\/wp-content\/uploads\/2021\/04\/Halle_molTeq_24_StDCard.png\">Save-the-Date-Karte<mark style=\"background-color: rgba(0, 0, 0, 0);\"><\/mark><\/a><\/li>\n\n\n\n<li><a href=\"http:\/\/www.gmbu.de\/wp-content\/uploads\/2021\/04\/molTeq_Anfahrt.pdf\">Anfahrt<\/a><\/li>\n\n\n\n<li><a href=\"http:\/\/www.gmbu.de\/wp-content\/uploads\/2021\/04\/halle_2molTeq_Programm.pdf\">Programm<\/a><\/li>\n\n\n\n<li><a href=\"https:\/\/ident-me.com\/molteq-anmeldung\/\">Anmeldung<\/a><\/li>\n<\/ul>\n\n\n\n<div style=\"height:51px\" aria-hidden=\"true\" class=\"wp-block-spacer\"><\/div>\n\n\n\n<p><a href=\"mailto:tagung.molteq@gmbu.de\">tagung.molteq@gmbu.de<\/a><\/p>\n\n\n\n<div style=\"height:51px\" aria-hidden=\"true\" class=\"wp-block-spacer\"><\/div>\n\n\n\n<p><mark style=\"background-color: rgba(0, 0, 0, 0);\"><strong>Partner<\/strong><\/mark><\/p>\n\n\n\n<figure class=\"wp-block-image size-full\"><a href=\"https:\/\/www.ident-me.com\" target=\"_blank\" rel=\"noreferrer noopener\"><img fetchpriority=\"high\" decoding=\"async\" width=\"497\" height=\"148\" src=\"http:\/\/www.gmbu.de\/wp-content\/uploads\/2021\/04\/Halle_molTeq_IdentMe_Logo.png\" alt=\"\" class=\"wp-image-4712\" srcset=\"https:\/\/www.gmbu.de\/wp-content\/uploads\/2021\/04\/Halle_molTeq_IdentMe_Logo.png 497w, https:\/\/www.gmbu.de\/wp-content\/uploads\/2021\/04\/Halle_molTeq_IdentMe_Logo-300x89.png 300w\" sizes=\"(max-width: 497px) 100vw, 497px\" \/><\/a><\/figure>\n\n\n\n<p><mark style=\"background-color: rgba(0, 0, 0, 0);\"><\/mark><\/p>\n\n\n\n<div style=\"height:51px\" aria-hidden=\"true\" class=\"wp-block-spacer\"><\/div>\n\n\n\n<p><mark style=\"background-color: rgba(0, 0, 0, 0);\"><strong>Sponsoren<\/strong><\/mark><\/p>\n\n\n\n<figure class=\"wp-block-image size-large\"><a href=\"https:\/\/www.technologiepark-weinberg-campus.de\" target=\"_blank\" rel=\"noreferrer noopener\"><img decoding=\"async\" width=\"1024\" height=\"274\" src=\"http:\/\/www.gmbu.de\/wp-content\/uploads\/2021\/04\/Halle_molTeq_TGZ_WBC-Technologiepark-1024x274.png\" alt=\"\" class=\"wp-image-4711\" srcset=\"https:\/\/www.gmbu.de\/wp-content\/uploads\/2021\/04\/Halle_molTeq_TGZ_WBC-Technologiepark-1024x274.png 1024w, https:\/\/www.gmbu.de\/wp-content\/uploads\/2021\/04\/Halle_molTeq_TGZ_WBC-Technologiepark-300x80.png 300w, https:\/\/www.gmbu.de\/wp-content\/uploads\/2021\/04\/Halle_molTeq_TGZ_WBC-Technologiepark-768x206.png 768w, https:\/\/www.gmbu.de\/wp-content\/uploads\/2021\/04\/Halle_molTeq_TGZ_WBC-Technologiepark.png 1106w\" sizes=\"(max-width: 1024px) 100vw, 1024px\" \/><\/a><\/figure>\n\n\n\n<p>&nbsp;<\/p>\n<\/div>\n<\/div>\n","protected":false},"excerpt":{"rendered":"<p>Von der Sequenz zum Schutz: Molekulare Innovationen in der Pathogendiagnostik und -behandlung 2. molTeq Anwendertreffen Sehr geehrte Interessierte, nach dem erfolgreichen Start unserer Tagungsreihe molTeq f\u00fchren wir auch in diesem Jahr ein weiteres Anwendertreffen durch.Das 2. molTeq Anwendertreffen tr\u00e4gt den Titel \u201eVon der Sequenz zum Schutz: Molekulare Innovationen in der Pathogendiagnostik und -behandlung\u201c.Lassen Sie sich [&hellip;]<\/p>\n","protected":false},"author":2,"featured_media":4681,"comment_status":"closed","ping_status":"closed","sticky":false,"template":"","format":"standard","meta":{"footnotes":""},"categories":[67],"tags":[],"class_list":["post-5670","post","type-post","status-publish","format-standard","has-post-thumbnail","hentry","category-tagungen"],"_links":{"self":[{"href":"https:\/\/www.gmbu.de\/en\/wp-json\/wp\/v2\/posts\/5670","targetHints":{"allow":["GET"]}}],"collection":[{"href":"https:\/\/www.gmbu.de\/en\/wp-json\/wp\/v2\/posts"}],"about":[{"href":"https:\/\/www.gmbu.de\/en\/wp-json\/wp\/v2\/types\/post"}],"author":[{"embeddable":true,"href":"https:\/\/www.gmbu.de\/en\/wp-json\/wp\/v2\/users\/2"}],"replies":[{"embeddable":true,"href":"https:\/\/www.gmbu.de\/en\/wp-json\/wp\/v2\/comments?post=5670"}],"version-history":[{"count":12,"href":"https:\/\/www.gmbu.de\/en\/wp-json\/wp\/v2\/posts\/5670\/revisions"}],"predecessor-version":[{"id":6260,"href":"https:\/\/www.gmbu.de\/en\/wp-json\/wp\/v2\/posts\/5670\/revisions\/6260"}],"wp:featuredmedia":[{"embeddable":true,"href":"https:\/\/www.gmbu.de\/en\/wp-json\/wp\/v2\/media\/4681"}],"wp:attachment":[{"href":"https:\/\/www.gmbu.de\/en\/wp-json\/wp\/v2\/media?parent=5670"}],"wp:term":[{"taxonomy":"category","embeddable":true,"href":"https:\/\/www.gmbu.de\/en\/wp-json\/wp\/v2\/categories?post=5670"},{"taxonomy":"post_tag","embeddable":true,"href":"https:\/\/www.gmbu.de\/en\/wp-json\/wp\/v2\/tags?post=5670"}],"curies":[{"name":"wp","href":"https:\/\/api.w.org\/{rel}","templated":true}]}}